{"id":627,"date":"2018-06-28T20:12:45","date_gmt":"2018-06-28T18:12:45","guid":{"rendered":"http:\/\/oriolavd-cp5032.wordpresstemporal.com\/?p=627"},"modified":"2024-08-25T13:09:39","modified_gmt":"2024-08-25T11:09:39","slug":"biografias-amado-granell-mesado","status":"publish","type":"post","link":"https:\/\/oriola-vdpr.es\/?p=627","title":{"rendered":"Biograf\u00edas: Amado Granell Mesado"},"content":{"rendered":"\n<h1 class=\"has-huge-font-size wp-block-heading\"><span style=\"color: #ff0000;\">Amado Granell Mesado<\/span><\/h1>\n\n\n\n<div class=\"wp-block-image wp-image-14501 size-full\"><figure class=\"aligncenter\"><img loading=\"lazy\" decoding=\"async\" width=\"643\" height=\"892\" src=\"https:\/\/oriola-vdpr.es\/wp-content\/uploads\/2018\/06\/Amado-Granell.jpg\" alt=\"\" class=\"wp-image-14501\" srcset=\"https:\/\/oriola-vdpr.es\/wp-content\/uploads\/2018\/06\/Amado-Granell.jpg 643w, https:\/\/oriola-vdpr.es\/wp-content\/uploads\/2018\/06\/Amado-Granell-216x300.jpg 216w\" sizes=\"auto, (max-width: 643px) 100vw, 643px\" \/><figcaption><strong><em>Amado Granell con el uniforme del Ej\u00e9rcito Popular de la Rep\u00fablica (1936).<\/em><\/strong><\/figcaption><\/figure><\/div>\n\n\n\n<p class=\"has-white-color has-black-background-color has-text-color has-background wp-block-paragraph\"><strong>Nacido en Burriana, el 5 de noviembre de 1898. Hijo de Mar\u00eda Francisca Mesado Monzon\u00eds y de Juan Bautista Granell Sabater, comerciante dedicado a la importaci\u00f3n de madera de Guinea.<\/strong> <\/p>\n\n\n\n<p class=\"has-white-color has-black-background-color has-text-color has-background wp-block-paragraph\"><strong>Amado mostr\u00f3 muy pronto su naturaleza guerrera alist\u00e1ndose a la Legi\u00f3n, de la que fue expulsado a petici\u00f3n de su padre por supuesta minor\u00eda de edad. <\/strong><\/p>\n\n\n\n<p class=\"has-white-color has-black-background-color has-text-color has-background wp-block-paragraph\"><strong>La experiencia le marc\u00f3 y siempre habl\u00f3 de ella orgulloso.<\/strong><\/p>\n\n\n\n<p class=\"has-white-color has-black-background-color has-text-color has-background wp-block-paragraph\"><strong>Electricista de profesi\u00f3n, trabaj\u00f3 en una tienda de l\u00e1mparas en la calle Ribera, de Valencia. &nbsp;<\/strong><\/p>\n\n\n\n<p class=\"has-white-color has-black-background-color has-text-color has-background wp-block-paragraph\"><strong>Lleg\u00f3 a Orihuela a comienzos de los a\u00f1os treinta para prestar servicio en la empresa \u00abEl\u00e9ctrica Balaguer\u00bb. <\/strong><\/p>\n\n\n\n<p class=\"has-white-color has-black-background-color has-text-color has-background wp-block-paragraph\"><strong>Cerrada \u00e9sta, se estableci\u00f3 en la calle San Pascual, dedicado a la venta de material el\u00e9ctrico, radios y bicicletas.<\/strong><\/p>\n\n\n\n<div class=\"wp-block-image\"><figure class=\"aligncenter size-full\"><img loading=\"lazy\" decoding=\"async\" width=\"960\" height=\"601\" src=\"https:\/\/oriola-vdpr.es\/wp-content\/uploads\/2018\/09\/Sanpascual-23.jpg\" alt=\"\" class=\"wp-image-4749\" srcset=\"https:\/\/oriola-vdpr.es\/wp-content\/uploads\/2018\/09\/Sanpascual-23.jpg 960w, https:\/\/oriola-vdpr.es\/wp-content\/uploads\/2018\/09\/Sanpascual-23-300x188.jpg 300w, https:\/\/oriola-vdpr.es\/wp-content\/uploads\/2018\/09\/Sanpascual-23-768x481.jpg 768w\" sizes=\"auto, (max-width: 960px) 100vw, 960px\" \/><figcaption><em><strong>Calle San Pascual, entonces Luis Barcala. Colecci\u00f3n Javier S\u00e1nchez Portas<\/strong><\/em><\/figcaption><\/figure><\/div>\n\n\n\n<p class=\"has-white-color has-black-background-color has-text-color has-background wp-block-paragraph\"><strong>Afiliado al Partido Socialista, en marzo de 1936 fue elegido segundo teniente de alcalde. <\/strong><\/p>\n\n\n\n<p class=\"has-white-color has-black-background-color has-text-color has-background wp-block-paragraph\"><strong>Al iniciarse el alzamiento encabez\u00f3 el Comit\u00e9 de Enlace Antifascista que intent\u00f3 controlar la ca\u00f3tica situaci\u00f3n provocada por los militares rebeldes. <\/strong><\/p>\n\n\n\n<p class=\"has-white-color has-black-background-color has-text-color has-background wp-block-paragraph\"><strong>Pero Granell no estaba hecho para la pol\u00edtica. Desaparecido el comit\u00e9, Ram\u00f3n P\u00e9rez lo llev\u00f3 a Alicante, donde se alist\u00f3 en el Ej\u00e9rcito Voluntario iniciando una brillante carrera militar. <\/strong><\/p>\n\n\n\n<p class=\"has-white-color has-black-background-color has-text-color has-background wp-block-paragraph\"><strong>Su primer destino fue el batall\u00f3n \u00abLevante\u00bb, en Valencia. <\/strong><\/p>\n\n\n\n<p class=\"has-white-color has-black-background-color has-text-color has-background wp-block-paragraph\"><strong>Ascendi\u00f3 a capit\u00e1n, destinado al Batall\u00f3n de Hierro, unidad de choque que m\u00e1s tarde se conocer\u00eda como Regimiento Motorizado de Ametralladoras<\/strong>.<\/p>\n\n\n\n<p class=\"has-white-color has-black-background-color has-text-color has-background wp-block-paragraph\"><strong>En agosto de 1938 escribi\u00f3 al Consejo oriolano, ya como comandante jefe de la 49 Brigada Mixta del Ejercito Popular, formada por cuatro batallones. <\/strong><\/p>\n\n\n\n<div class=\"wp-block-image wp-image-640\"><figure class=\"aligncenter is-resized\"><img loading=\"lazy\" decoding=\"async\" src=\"https:\/\/oriola-vdpr.es\/wp-content\/uploads\/Amado_Granell.jpg\" alt=\"\" class=\"wp-image-640\" width=\"495\" height=\"747\" srcset=\"https:\/\/oriola-vdpr.es\/wp-content\/uploads\/Amado_Granell.jpg 250w, https:\/\/oriola-vdpr.es\/wp-content\/uploads\/Amado_Granell-198x300.jpg 198w\" sizes=\"auto, (max-width: 495px) 100vw, 495px\" \/><figcaption><em><strong>Amado Granell con el uniforme del Ej\u00e9rcito Popular de la Rep\u00fablica (1936).<\/strong><\/em><\/figcaption><\/figure><\/div>\n\n\n\n<p class=\"has-white-color has-black-background-color has-text-color has-background wp-block-paragraph\"><strong>Poco antes de finalizar la guerra en Espa\u00f1a, concretamente el 28 de marzo de 1939, embarc\u00f3 en el Stanbrook, \u00faltimo barco que zarp\u00f3 del puerto de Alicante rumbo a Or\u00e1n. <\/strong><\/p>\n\n\n\n<p class=\"has-white-color has-black-background-color has-text-color has-background wp-block-paragraph\"><strong>Consigui\u00f3 subir a bordo con su fusil ametrallador. En la lista de pasajeros figura dos veces su nombre con los n\u00fameros 1928 y 2073.<\/strong> <\/p>\n\n\n\n<p class=\"has-white-color has-black-background-color has-text-color has-background wp-block-paragraph\"><strong>Pinchando en la fotograf\u00eda del barco se accede a un art\u00edculo monogr\u00e1fico sobre el <strong>Stanbrook<\/strong> .<\/strong><\/p>\n\n\n\n<div class=\"wp-block-image\"><figure class=\"aligncenter size-full\"><a href=\"https:\/\/oriola-vdpr.es\/?p=1106\"><img loading=\"lazy\" decoding=\"async\" width=\"960\" height=\"558\" src=\"https:\/\/oriola-vdpr.es\/wp-content\/uploads\/2018\/07\/Stambrook-10.jpg\" alt=\"\" class=\"wp-image-1107\" srcset=\"https:\/\/oriola-vdpr.es\/wp-content\/uploads\/2018\/07\/Stambrook-10.jpg 960w, https:\/\/oriola-vdpr.es\/wp-content\/uploads\/2018\/07\/Stambrook-10-300x174.jpg 300w, https:\/\/oriola-vdpr.es\/wp-content\/uploads\/2018\/07\/Stambrook-10-768x446.jpg 768w\" sizes=\"auto, (max-width: 960px) 100vw, 960px\" \/><\/a><figcaption><em><strong><em>El Stanbrook en el puerto de Alicante<\/em><\/strong><\/em>. <strong><em>Enlace a art\u00edculo.<\/em><\/strong><\/figcaption><\/figure><\/div>\n\n\n\n<p class=\"has-white-color has-black-background-color has-text-color has-background wp-block-paragraph\">A<strong>cabada la Guerra Civil, el Juzgado Militar de Orihuela orden\u00f3 su busca y captura en febrero de 1940 y en abril de 1941, acusado de rebeli\u00f3n militar.<\/strong><\/p>\n\n\n\n<div class=\"wp-block-image\"><figure class=\"aligncenter size-large\"><img loading=\"lazy\" decoding=\"async\" width=\"1024\" height=\"723\" src=\"https:\/\/oriola-vdpr.es\/wp-content\/uploads\/2024\/08\/amado-Granell-informes-1024x723.jpg\" alt=\"\" class=\"wp-image-31767\" srcset=\"https:\/\/oriola-vdpr.es\/wp-content\/uploads\/2024\/08\/amado-Granell-informes-1024x723.jpg 1024w, https:\/\/oriola-vdpr.es\/wp-content\/uploads\/2024\/08\/amado-Granell-informes-300x212.jpg 300w, https:\/\/oriola-vdpr.es\/wp-content\/uploads\/2024\/08\/amado-Granell-informes-768x542.jpg 768w, https:\/\/oriola-vdpr.es\/wp-content\/uploads\/2024\/08\/amado-Granell-informes.jpg 1360w\" sizes=\"auto, (max-width: 1024px) 100vw, 1024px\" \/><figcaption><em><strong>Archivo Municipal de Orihuela<\/strong><\/em><\/figcaption><\/figure><\/div>\n\n\n\n<p class=\"has-white-color has-black-background-color has-text-color has-background wp-block-paragraph\"><strong>Mientras le buscaban en Orihuela, Amado Granell acompa\u00f1aba a los americanos en la ocupaci\u00f3n de Or\u00e1n.<\/strong> <\/p>\n\n\n\n<div class=\"wp-block-image wp-image-5563 size-full\"><figure class=\"aligncenter\"><img loading=\"lazy\" decoding=\"async\" width=\"1000\" height=\"580\" src=\"https:\/\/oriola-vdpr.es\/wp-content\/uploads\/2018\/06\/amado-tarjeta.jpg\" alt=\"\" class=\"wp-image-5563\" srcset=\"https:\/\/oriola-vdpr.es\/wp-content\/uploads\/2018\/06\/amado-tarjeta.jpg 1000w, https:\/\/oriola-vdpr.es\/wp-content\/uploads\/2018\/06\/amado-tarjeta-300x174.jpg 300w, https:\/\/oriola-vdpr.es\/wp-content\/uploads\/2018\/06\/amado-tarjeta-768x445.jpg 768w\" sizes=\"auto, (max-width: 1000px) 100vw, 1000px\" \/><figcaption><em><strong>Tarjeta del Amado Granell del Ministerio del Ej\u00e9rcito franc\u00e9s. MARIANO BLANCH. Informaci\u00f3n.<\/strong><\/em><\/figcaption><\/figure><\/div>\n\n\n\n<p class=\"has-white-color has-black-background-color has-text-color has-background wp-block-paragraph\"><strong><span class=\"text_exposed_show\">Pronto se enrol\u00f3 en los \u00abCuerpos Francos de \u00c1frica\u00bb y, en 1943, formaba parte de la Divisi\u00f3n Leclerc, Tercer Batall\u00f3n de Marcha, conocido como \u00abel Batall\u00f3n hispano\u00bb, que estaba integrado por numerosos espa\u00f1oles exiliados, curtidos en las batallas espa\u00f1olas.<\/span><\/strong><\/p>\n\n\n\n<p class=\"has-white-color has-black-background-color has-text-color has-background wp-block-paragraph\"><strong>Amado sintonizaba bien con las tropas y pose\u00eda la experiencia de mando acumulada durante la Guerra Civil. <\/strong><\/p>\n\n\n\n<p class=\"has-white-color has-black-background-color has-text-color has-background wp-block-paragraph\"><strong>Como teniente de \u00abLa Nueve\u00bb, combati\u00f3 contra nazis y fascistas en el norte de \u00c1frica. <\/strong><\/p>\n\n\n\n<div class=\"wp-block-image\"><figure class=\"aligncenter size-full\"><img loading=\"lazy\" decoding=\"async\" width=\"675\" height=\"500\" src=\"https:\/\/oriola-vdpr.es\/wp-content\/uploads\/Amado-granel-3.jpg\" alt=\"\" class=\"wp-image-632\" srcset=\"https:\/\/oriola-vdpr.es\/wp-content\/uploads\/Amado-granel-3.jpg 675w, https:\/\/oriola-vdpr.es\/wp-content\/uploads\/Amado-granel-3-300x222.jpg 300w\" sizes=\"auto, (max-width: 675px) 100vw, 675px\" \/><figcaption><em><strong>El capitan Raymond Dronne y Amado Granell preparando el ataque en Paris. Archivo Evelyn Mesquida.<\/strong><\/em><\/figcaption><\/figure><\/div>\n\n\n\n<p class=\"has-white-color has-black-background-color has-text-color has-background wp-block-paragraph\"><strong>Tras recibir entrenamiento en Gran Breta\u00f1a, los veh\u00edculos de su compa\u00f1\u00eda, bautizados con los nombres de Brunete, Ebro, Guernica, Teruel, Guadalajara, etc., desembarcaron en Normand\u00eda y fueron los primeros en llegar a Par\u00eds.<\/strong><\/p>\n\n\n\n<p class=\"has-white-color has-black-background-color has-text-color has-background wp-block-paragraph\"><strong>Para escarnio del nuevo r\u00e9gimen espa\u00f1ol, en agosto de 1944, Granell pas\u00f3 a la historia, inmortalizado por el diario Liberation, como el libertador de Par\u00eds. <\/strong><\/p>\n\n\n\n<div class=\"wp-block-image\"><figure class=\"aligncenter size-full\"><img loading=\"lazy\" decoding=\"async\" width=\"999\" height=\"613\" src=\"https:\/\/oriola-vdpr.es\/wp-content\/uploads\/Amado-granel-6.jpg\" alt=\"\" class=\"wp-image-628\" srcset=\"https:\/\/oriola-vdpr.es\/wp-content\/uploads\/Amado-granel-6.jpg 999w, https:\/\/oriola-vdpr.es\/wp-content\/uploads\/Amado-granel-6-300x184.jpg 300w, https:\/\/oriola-vdpr.es\/wp-content\/uploads\/Amado-granel-6-768x471.jpg 768w\" sizes=\"auto, (max-width: 999px) 100vw, 999px\" \/><figcaption><em><strong>Portada del peri\u00f3dico Liberation 25 de agosto 1944.<\/strong><\/em><\/figcaption><\/figure><\/div>\n\n\n\n<p class=\"has-white-color has-black-background-color has-text-color has-background wp-block-paragraph\"><strong>Su blindado abri\u00f3 la marcha en el \u00abDesfile de la Victoria\u00bb en los Campos El\u00edseos ondeando la bandera republicana.<\/strong><\/p>\n\n\n\n<p class=\"has-white-color has-black-background-color has-text-color has-background wp-block-paragraph\"><strong>El propio De Gaulle le entreg\u00f3 la Legi\u00f3n de Honor, ofreci\u00e9ndole el empleo de comandante si adoptaba la nacionalidad francesa. <\/strong><\/p>\n\n\n\n<p class=\"has-white-color has-black-background-color has-text-color has-background wp-block-paragraph\"><strong>Dicen que su respuesta fue: \u00aba Espa\u00f1a la quiero como una madre, a Francia como una novia\u00bb.<\/strong><\/p>\n\n\n\n<p class=\"has-white-color has-black-background-color has-text-color has-background wp-block-paragraph\"><strong>\u00abLa Nueve\u00bb sigui\u00f3 avanzando hasta Alemania, llegando al \u00abNido del Aguila\u00bb, el bunker de Hitler. Hab\u00eda cumplido su promesa de lavarse las manos en el Rhin. <\/strong><\/p>\n\n\n\n<div class=\"wp-block-image wp-image-5564 size-full\"><figure class=\"aligncenter\"><img loading=\"lazy\" decoding=\"async\" width=\"960\" height=\"516\" src=\"https:\/\/oriola-vdpr.es\/wp-content\/uploads\/2018\/06\/la-nueve.jpg\" alt=\"\" class=\"wp-image-5564\" srcset=\"https:\/\/oriola-vdpr.es\/wp-content\/uploads\/2018\/06\/la-nueve.jpg 960w, https:\/\/oriola-vdpr.es\/wp-content\/uploads\/2018\/06\/la-nueve-300x161.jpg 300w, https:\/\/oriola-vdpr.es\/wp-content\/uploads\/2018\/06\/la-nueve-768x413.jpg 768w\" sizes=\"auto, (max-width: 960px) 100vw, 960px\" \/><figcaption><em><strong>Miembros de \u00abLa Nueve\u00bb durante su estancia en Gran Breta\u00f1a.<\/strong><\/em><\/figcaption><\/figure><\/div>\n\n\n\n<p class=\"has-white-color has-black-background-color has-text-color has-background wp-block-paragraph\"><strong>Permaneci\u00f3 en esta m\u00edtica compa\u00f1\u00eda hasta finales de noviembre de 1944, fecha en la que agotado y enfermo fue sustituido, siendo uno de los pocos supervivientes de la compa\u00f1\u00eda.<\/strong><\/p>\n\n\n\n<p class=\"has-white-color has-black-background-color has-text-color has-background wp-block-paragraph\"><strong>Siempre pens\u00f3 que, derrotados Hitler y Mussolini, el siguiente ser\u00eda Franco; pero los aliados ten\u00edan otros planes: la guerra acab\u00f3 sin llegar a liberar su patria.<\/strong><\/p>\n\n\n\n<p class=\"has-white-color has-black-background-color has-text-color has-background wp-block-paragraph\"><strong>Tras un periodo de intrigas pol\u00edticas por Europa, en el que lleg\u00f3 a entrevistarse con don Juan de Borb\u00f3n, frustrado, volvi\u00f3 a Francia y en 1950 abri\u00f3 el restaurante \u00abLos Amigos\u00bb en la calle Bouloi de Par\u00eds. <\/strong><\/p>\n\n\n\n<p class=\"has-white-color has-black-background-color has-text-color has-background wp-block-paragraph\"><strong>Mucho despu\u00e9s, regres\u00f3 a Espa\u00f1a y junto a un socio regent\u00f3 un comercio llamado \u00abRadio Col\u00f3n\u00bb, en Valencia.<\/strong><\/p>\n\n\n\n<div class=\"wp-block-image\"><figure class=\"aligncenter size-full\"><img loading=\"lazy\" decoding=\"async\" width=\"700\" height=\"960\" src=\"https:\/\/oriola-vdpr.es\/wp-content\/uploads\/Amado-granel-4.jpg\" alt=\"\" class=\"wp-image-633\" srcset=\"https:\/\/oriola-vdpr.es\/wp-content\/uploads\/Amado-granel-4.jpg 700w, https:\/\/oriola-vdpr.es\/wp-content\/uploads\/Amado-granel-4-219x300.jpg 219w\" sizes=\"auto, (max-width: 700px) 100vw, 700px\" \/><figcaption><em><strong>Amado Granell Mesado<\/strong><\/em><\/figcaption><\/figure><\/div>\n\n\n\n<p class=\"has-white-color has-black-background-color has-text-color has-background wp-block-paragraph\"><strong>Falleci\u00f3 en mayo de 1972 en accidente de tr\u00e1fico en Sueca (Valencia).<\/strong><\/p>\n\n\n\n<p class=\"has-white-color has-black-background-color has-text-color has-background wp-block-paragraph\"><strong>Cruz de Guerra con palma y cinco citaciones, oficial de la Legion de Honor en Francia, Amado Granell fue enterrado en el cementerio de Sueca. <\/strong><\/p>\n\n\n\n<p class=\"has-white-color has-black-background-color has-text-color has-background wp-block-paragraph\"><strong>La l\u00e1pida, donde figura \u00abLegion de Honor\u00bb y una hoja de palma, fue costeada por el gobierno de la Rep\u00fablica Francesa.<\/strong><\/p>\n\n\n\n<p class=\"has-white-color has-black-background-color has-text-color has-background has-medium-font-size wp-block-paragraph\"><strong>Antonio Jos\u00e9 Maz\u00f3n Albarrac\u00edn. (Ajomalba)<\/strong><\/p>\n","protected":false},"excerpt":{"rendered":"<p>Amado Granell Mesado Nacido en Burriana, el 5 de noviembre de 1898. Hijo de Mar\u00eda Francisca Mesado Monzon\u00eds y de Juan Bautista Granell Sabater, comerciante dedicado a la importaci\u00f3n de madera de Guinea. Amado mostr\u00f3 muy pronto su naturaleza guerrera alist\u00e1ndose a la Legi\u00f3n, de la que fue expulsado a petici\u00f3n de su padre por &hellip; <a href=\"https:\/\/oriola-vdpr.es\/?p=627\" class=\"more-link\">Seguir leyendo <span class=\"screen-reader-text\">Biograf\u00edas: Amado Granell Mesado<\/span> <span class=\"meta-nav\">&rarr;<\/span><\/a><\/p>\n","protected":false},"author":1,"featured_media":5563,"comment_status":"closed","ping_status":"open","sticky":false,"template":"","format":"standard","meta":{"_jetpack_newsletter_access":"","_jetpack_dont_email_post_to_subs":false,"_jetpack_newsletter_tier_id":0,"_jetpack_memberships_contains_paywalled_content":false,"_jetpack_memberships_contains_paid_content":false,"footnotes":""},"categories":[242,26],"tags":[109,108,51],"class_list":["post-627","post","type-post","status-publish","format-standard","has-post-thumbnail","hentry","category-biografias","category-memoriapostguerra","tag-amado-granell","tag-biografia","tag-guerra-civil"],"jetpack_featured_media_url":"https:\/\/oriola-vdpr.es\/wp-content\/uploads\/2018\/06\/amado-tarjeta.jpg","jetpack_sharing_enabled":true,"jetpack_shortlink":"https:\/\/wp.me\/pa2GYa-a7","jetpack_likes_enabled":false,"_links":{"self":[{"href":"https:\/\/oriola-vdpr.es\/index.php?rest_route=\/wp\/v2\/posts\/627","targetHints":{"allow":["GET"]}}],"collection":[{"href":"https:\/\/oriola-vdpr.es\/index.php?rest_route=\/wp\/v2\/posts"}],"about":[{"href":"https:\/\/oriola-vdpr.es\/index.php?rest_route=\/wp\/v2\/types\/post"}],"author":[{"embeddable":true,"href":"https:\/\/oriola-vdpr.es\/index.php?rest_route=\/wp\/v2\/users\/1"}],"replies":[{"embeddable":true,"href":"https:\/\/oriola-vdpr.es\/index.php?rest_route=%2Fwp%2Fv2%2Fcomments&post=627"}],"version-history":[{"count":39,"href":"https:\/\/oriola-vdpr.es\/index.php?rest_route=\/wp\/v2\/posts\/627\/revisions"}],"predecessor-version":[{"id":31820,"href":"https:\/\/oriola-vdpr.es\/index.php?rest_route=\/wp\/v2\/posts\/627\/revisions\/31820"}],"wp:featuredmedia":[{"embeddable":true,"href":"https:\/\/oriola-vdpr.es\/index.php?rest_route=\/wp\/v2\/media\/5563"}],"wp:attachment":[{"href":"https:\/\/oriola-vdpr.es\/index.php?rest_route=%2Fwp%2Fv2%2Fmedia&parent=627"}],"wp:term":[{"taxonomy":"category","embeddable":true,"href":"https:\/\/oriola-vdpr.es\/index.php?rest_route=%2Fwp%2Fv2%2Fcategories&post=627"},{"taxonomy":"post_tag","embeddable":true,"href":"https:\/\/oriola-vdpr.es\/index.php?rest_route=%2Fwp%2Fv2%2Ftags&post=627"}],"curies":[{"name":"wp","href":"https:\/\/api.w.org\/{rel}","templated":true}]}}